[{"@context":"https:\/\/schema.org\/","@type":"Article","@id":"https:\/\/www.ociz.cz\/darkovy-kos-praha\/#Article","mainEntityOfPage":"https:\/\/www.ociz.cz\/darkovy-kos-praha\/","headline":"D\u00e1rkov\u00fd ko\u0161 Praha","name":"D\u00e1rkov\u00fd ko\u0161 Praha","description":"Chcete naj\u00edt opravdu to prav\u00e9 o\u0159echov\u00e9, co bude pro v\u00e1s spr\u00e1vn\u00fdm rozhodnut\u00edm, abyste ud\u011blali ten prvn\u00ed krok k tomu, \u017ee se\u017eenete n\u011bjak\u00e9 v\u00e1no\u010dn\u00ed d\u00e1rky a odpadnou v\u00e1m alespo\u0148 ty nejd\u016fle\u017eit\u011bj\u0161\u00ed starosti, kter\u00e9 v\u00e1m mohou v tomhle kr\u00e1sn\u00e9m obdob\u00ed komplikovat \u017eivot. V\u0161ude jsou lidi, nechcete st\u00e1t fronty v n\u00e1kupn\u00edch centrech. V\u0161echno je rozebran\u00e9 a vy jste...<p class=\"more-link-wrap\"><a href=\"https:\/\/www.ociz.cz\/darkovy-kos-praha\/\" class=\"more-link\">P\u0159e\u010d\u00edst<span class=\"screen-reader-text\"> &ldquo;D\u00e1rkov\u00fd ko\u0161 Praha&rdquo;<\/span> &raquo;<\/a><\/p>","datePublished":"2018-01-19","dateModified":"2023-06-09","author":{"@type":"Person","@id":"https:\/\/www.ociz.cz\/author\/#Person","name":"","url":"https:\/\/www.ociz.cz\/author\/","identifier":1,"image":{"@type":"ImageObject","@id":"https:\/\/secure.gravatar.com\/avatar\/16435f0a6c9262449b9ebb39f63178cd65c54b09f931b6f84682f48086e3d763?s=96&d=mm&r=g","url":"https:\/\/secure.gravatar.com\/avatar\/16435f0a6c9262449b9ebb39f63178cd65c54b09f931b6f84682f48086e3d763?s=96&d=mm&r=g","height":96,"width":96}},"publisher":{"@type":"Organization","name":"ociz.cz","logo":{"@type":"ImageObject","@id":"\/logo.png","url":"\/logo.png","width":600,"height":60}},"image":{"@type":"ImageObject","@id":"https:\/\/www.ociz.cz\/wp-content\/uploads\/img_a309018_w2150_t1520005046.jpg","url":"https:\/\/www.ociz.cz\/wp-content\/uploads\/img_a309018_w2150_t1520005046.jpg","height":0,"width":0},"url":"https:\/\/www.ociz.cz\/darkovy-kos-praha\/","about":["N\u00e1kupy"],"wordCount":425,"articleBody":" Chcete naj\u00edt opravdu to prav\u00e9 o\u0159echov\u00e9, co bude pro v\u00e1s spr\u00e1vn\u00fdm rozhodnut\u00edm, abyste ud\u011blali ten prvn\u00ed krok k tomu, \u017ee se\u017eenete n\u011bjak\u00e9 v\u00e1no\u010dn\u00ed d\u00e1rky a odpadnou v\u00e1m alespo\u0148 ty nejd\u016fle\u017eit\u011bj\u0161\u00ed starosti, kter\u00e9 v\u00e1m mohou v tomhle kr\u00e1sn\u00e9m obdob\u00ed komplikovat \u017eivot. V\u0161ude jsou lidi, nechcete st\u00e1t fronty v n\u00e1kupn\u00edch centrech. V\u0161echno je rozebran\u00e9 a vy jste otr\u00e1ven\u00ed z toho, \u017ee nev\u00edte, co m\u00e1te koupit.&#13; &#13; &#13; &#13; Takhle budete m\u00edt v\u0161echno jednodu\u0161\u0161\u00ed. D\u00e1rkov\u00fd ko\u0161 Praha se v\u00e1m bude l\u00edbit hned n\u011bkolika hledisek, tak to vyzkou\u0161ejte. P\u0159ipojte se i vy ke v\u0161em ostatn\u00edm, kte\u0159\u00ed tohle v\u0161echno vyzkou\u0161eli a jsou spokojen\u00ed, proto\u017ee d\u00e1rky jsou origin\u00e1ln\u00ed, kr\u00e1sn\u011b zkombinovan\u00e9, kr\u00e1sn\u011b zabalen\u00e9, pln\u00e9 skv\u011bl\u00fdch a u\u017eite\u010dn\u00fdch v\u011bc\u00ed, kter\u00fd doty\u010dn\u00fd vyu\u017eije a z\u00e1rove\u0148 jsou i n\u00e1padit\u00e9, \u017e\u00e1dn\u00e9 tradi\u010dn\u00ed v\u011bci. V\u0161echno je sv\u00fdm zp\u016fsobem origin\u00e1ln\u00ed a hlavn\u011b kr\u00e1sn\u00e9 n\u00e1padit\u00e9, tak\u017ee se v\u00e1m pojist\u011b bude moc l\u00edbit. Pod\u00edvejte se na na\u0161i nab\u00eddku a n\u011bco si z n\u00ed objednejte a vyberte a uvid\u00edte, \u017ee to bude pro v\u00e1s to prav\u00e9 o\u0159echov\u00e9, to uvid\u00edte. Budete nad\u0161en\u00ed a budete spokojen\u00ed ve v\u0161em, tak to ud\u011blejte t\u0159eba hned. \u010c\u00edm d\u0159\u00edve, t\u00edm l\u00e9pe, to je jasn\u00e9.&#13; &#13; &#13; &#13; Luxusn\u00ed ceny&#13; Na\u0161e ceny se v\u00e1m budou moc l\u00edbit. Jsou r\u016fzn\u00e9, podle velikosti a n\u00e1pln\u011b bal\u00ed\u010dku. Je to jenom na v\u00e1s, tak si vyberte. Pod\u00edvejte se po\u0159\u00e1dn\u011b, abyste v\u011bd\u011bli, co v\u0161echno m\u00e1te ve va\u0161ich mo\u017enostech. Bude to skv\u011bl\u00e9 a luxusn\u00ed. Budete nad\u0161en\u00ed a budete opravdu moc spokojen\u00ed, proto\u017ee budete m\u00edt z krku v\u0161echny tyhle nep\u0159\u00edjemnosti, kter\u00e9 se t\u00fdkaj\u00ed V\u00e1noce. Pro n\u011bkter\u00e9 je to opravdu t\u011b\u017ek\u00e9, skloubit dohromady pr\u00e1ci, \u010das, star\u00e1n\u00edm o rodinu a je\u0161t\u011b vy\u0159e\u0161en t\u011bchto v\u011bc\u00ed, kter\u00e9 se t\u00fdkaj\u00ed takov\u00e9ho obdob\u00ed, kter\u00e9 je pln\u00e9 stres\u016f pro celou rodinu. \u017deny pe\u010dou cukrov\u00ed, ukl\u00edz\u00ed, sh\u00e1n\u00ed d\u00e1rky a podobn\u011b. Mu\u017ei jsou do toho tak\u00e9 vta\u017eeni. Takhle si v\u0161ichni uleh\u010d\u00edte pr\u00e1ci, tak na to myslete. Uvid\u00edte, \u017ee budete opravdu spokojen\u00ed. Bude to skv\u011bl\u00e9.&#13;                                                                                                                                                                                                                                                                                                                                                                                                "},{"@context":"https:\/\/schema.org\/","@type":"BreadcrumbList","itemListElement":[{"@type":"ListItem","position":1,"name":"D\u00e1rkov\u00fd ko\u0161 Praha","item":"https:\/\/www.ociz.cz\/darkovy-kos-praha\/#breadcrumbitem"}]}]