[{"@context":"https:\/\/schema.org\/","@type":"Article","@id":"https:\/\/www.ociz.cz\/jak-detem-usetrit-trochu-mista-v-pokojicku\/#Article","mainEntityOfPage":"https:\/\/www.ociz.cz\/jak-detem-usetrit-trochu-mista-v-pokojicku\/","headline":"Jak d\u011btem u\u0161et\u0159it trochu m\u00edsta v\u00a0pokoj\u00ed\u010dku","name":"Jak d\u011btem u\u0161et\u0159it trochu m\u00edsta v\u00a0pokoj\u00ed\u010dku","description":"Za\u0159izujete d\u011btsk\u00fd pokoj\u00ed\u010dek pro va\u0161e d\u011bti a p\u0159em\u00fd\u0161l\u00edte, jak vy\u0159e\u0161it probl\u00e9m, kter\u00fd se t\u00fdk\u00e1 postel\u00ed? M\u016f\u017eeme v\u00e1m snadno poradit, \u0159e\u0161en\u00edm je patrov\u00e1 postel, kter\u00e1 u\u0161et\u0159\u00ed spoustu prostoru a kter\u00e1 dop\u0159eje va\u0161im d\u011btem pohodl\u00ed a komfort. Patrov\u00e1 postel Bohu\u017eel m\u00e1 spousta lid\u00ed za\u017eito, \u017ee patrov\u00e9 postele b\u00fdvaj\u00ed nepohodln\u00e9, d\u0159ev\u011bn\u00e9 a \u017ee p\u0159i sebemen\u0161\u00edm pohybu ne\u00faprosn\u011b vr\u017eou....<p class=\"more-link-wrap\"><a href=\"https:\/\/www.ociz.cz\/jak-detem-usetrit-trochu-mista-v-pokojicku\/\" class=\"more-link\">P\u0159e\u010d\u00edst<span class=\"screen-reader-text\"> &ldquo;Jak d\u011btem u\u0161et\u0159it trochu m\u00edsta v\u00a0pokoj\u00ed\u010dku&rdquo;<\/span> &raquo;<\/a><\/p>","datePublished":"2025-03-02","dateModified":"2025-03-02","author":{"@type":"Person","@id":"https:\/\/www.ociz.cz\/author\/#Person","name":"","url":"https:\/\/www.ociz.cz\/author\/","identifier":1,"image":{"@type":"ImageObject","@id":"https:\/\/secure.gravatar.com\/avatar\/16435f0a6c9262449b9ebb39f63178cd65c54b09f931b6f84682f48086e3d763?s=96&d=mm&r=g","url":"https:\/\/secure.gravatar.com\/avatar\/16435f0a6c9262449b9ebb39f63178cd65c54b09f931b6f84682f48086e3d763?s=96&d=mm&r=g","height":96,"width":96}},"publisher":{"@type":"Organization","name":"ociz.cz","logo":{"@type":"ImageObject","@id":"\/logo.png","url":"\/logo.png","width":600,"height":60}},"url":"https:\/\/www.ociz.cz\/jak-detem-usetrit-trochu-mista-v-pokojicku\/","wordCount":182,"articleBody":"Za\u0159izujete d\u011btsk\u00fd pokoj\u00ed\u010dek pro va\u0161e d\u011bti a p\u0159em\u00fd\u0161l\u00edte, jak vy\u0159e\u0161it probl\u00e9m, kter\u00fd se t\u00fdk\u00e1 postel\u00ed? M\u016f\u017eeme v\u00e1m snadno poradit, \u0159e\u0161en\u00edm je patrov\u00e1 postel, kter\u00e1 u\u0161et\u0159\u00ed spoustu prostoru a kter\u00e1 dop\u0159eje va\u0161im d\u011btem pohodl\u00ed a komfort.Patrov\u00e1 postelBohu\u017eel m\u00e1 spousta lid\u00ed za\u017eito, \u017ee patrov\u00e9 postele b\u00fdvaj\u00ed nepohodln\u00e9, d\u0159ev\u011bn\u00e9 a \u017ee p\u0159i sebemen\u0161\u00edm pohybu ne\u00faprosn\u011b vr\u017eou. Zbavte se t\u011bchto p\u0159edsudk\u016f, kter\u00e9 jste z\u00edskali d\u00edky d\u011btsk\u00fdm t\u00e1bor\u016fm a v\u00fdlet\u016fm a nepojte se po\u0159\u00eddit skv\u011blou a kvalitn\u00ed postel do pokoje va\u0161ich d\u011bt\u00ed. Patrov\u00e1 postel rozhodn\u011b nen\u00ed krok vedle.Super vzhledNab\u00edz\u00edme opravdu kvalitn\u00ed a propracovan\u00e9 patrov\u00e9 postele. Patrov\u00e1 postel m\u016f\u017ee b\u00fdt z masivu smrku \u010di borovice, d\u00e1le si ji m\u016f\u017eete po\u0159\u00eddit v r\u016fzn\u00fdch barevn\u00fdch odst\u00ednech. Palandu v\u011bt\u0161inou dod\u00e1me v\u010detn\u011b ro\u0161tu, matrace a \u00falo\u017en\u00fdch prostor.                                                                                                                                                                                                                                                                                                                                                                                                "},{"@context":"https:\/\/schema.org\/","@type":"BreadcrumbList","itemListElement":[{"@type":"ListItem","position":1,"name":"Jak d\u011btem u\u0161et\u0159it trochu m\u00edsta v\u00a0pokoj\u00ed\u010dku","item":"https:\/\/www.ociz.cz\/jak-detem-usetrit-trochu-mista-v-pokojicku\/#breadcrumbitem"}]}]