[{"@context":"https:\/\/schema.org\/","@type":"Article","@id":"https:\/\/www.ociz.cz\/jsme-na-spici-kvality\/#Article","mainEntityOfPage":"https:\/\/www.ociz.cz\/jsme-na-spici-kvality\/","headline":"Jsme na \u0161pici kvality","name":"Jsme na \u0161pici kvality","description":"Jako mil\u00fd d\u00e1rek za va\u0161i z\u00e1vaznou objedn\u00e1vku se v\u00e1m odm\u011bn\u00ed t\u0159eba zdobn\u00fdm dortem nebo chutn\u00fdmi z\u00e1kusky. V \u017e\u00e1dn\u00e9m p\u0159\u00edpad\u011b se nez\u0159\u00edk\u00e1me va\u0161ich v\u011bcn\u00fdch a konstruktivn\u00edch p\u0159ipom\u00ednek a podn\u011bt\u016f, kter\u00e9 mohou b\u00fdt velmi cenn\u00e9, abychom se sna\u017eili na\u0161e slu\u017eby neust\u00e1le zlep\u0161ovat a zlep\u0161ovat. D\u011bkujeme p\u0159edem za n\u011b, nebo\u0165 d\u00edky nim se m\u016f\u017eeme st\u00e1le zdokonalovat. Samoz\u0159ejm\u011b si...<p class=\"more-link-wrap\"><a href=\"https:\/\/www.ociz.cz\/jsme-na-spici-kvality\/\" class=\"more-link\">P\u0159e\u010d\u00edst<span class=\"screen-reader-text\"> &ldquo;Jsme na \u0161pici kvality&rdquo;<\/span> &raquo;<\/a><\/p>","datePublished":"2025-08-11","dateModified":"2025-08-11","author":{"@type":"Person","@id":"https:\/\/www.ociz.cz\/author\/#Person","name":"","url":"https:\/\/www.ociz.cz\/author\/","identifier":1,"image":{"@type":"ImageObject","@id":"https:\/\/secure.gravatar.com\/avatar\/16435f0a6c9262449b9ebb39f63178cd65c54b09f931b6f84682f48086e3d763?s=96&d=mm&r=g","url":"https:\/\/secure.gravatar.com\/avatar\/16435f0a6c9262449b9ebb39f63178cd65c54b09f931b6f84682f48086e3d763?s=96&d=mm&r=g","height":96,"width":96}},"publisher":{"@type":"Organization","name":"ociz.cz","logo":{"@type":"ImageObject","@id":"\/logo.png","url":"\/logo.png","width":600,"height":60}},"url":"https:\/\/www.ociz.cz\/jsme-na-spici-kvality\/","wordCount":192,"articleBody":"Jako mil\u00fd d\u00e1rek za va\u0161i z\u00e1vaznou objedn\u00e1vku se v\u00e1m odm\u011bn\u00ed t\u0159eba zdobn\u00fdm dortem nebo chutn\u00fdmi z\u00e1kusky. V \u017e\u00e1dn\u00e9m p\u0159\u00edpad\u011b se nez\u0159\u00edk\u00e1me va\u0161ich v\u011bcn\u00fdch a konstruktivn\u00edch p\u0159ipom\u00ednek a podn\u011bt\u016f, kter\u00e9 mohou b\u00fdt velmi cenn\u00e9, abychom se sna\u017eili na\u0161e slu\u017eby neust\u00e1le zlep\u0161ovat a zlep\u0161ovat. D\u011bkujeme p\u0159edem za n\u011b, nebo\u0165 d\u00edky nim se m\u016f\u017eeme st\u00e1le zdokonalovat. Samoz\u0159ejm\u011b si o to v\u00edce cen\u00edme i va\u0161ich pochvaln\u00fdch reakc\u00ed, kter\u00e9 mohou b\u00fdt tak\u00e9 hnac\u00edm elementem toho, \u017ee v\u00edme, \u017ee na\u0161i pr\u00e1ci d\u011bl\u00e1me v\u00edce jak dob\u0159e! D\u011bkujeme v\u00e1m v\u0161em za Va\u0161i p\u0159\u00edze\u0148. To\u010den\u00e1 zmrzlina je v\u0161ak st\u00e1le na sv\u00e9 \u0161pici!Zdrav\u00e9 mls\u00e1n\u00edTo\u010denou zmrzlinou dozajista nepohrdne ani tat\u00ednek, kter\u00fd si potrp\u00ed na mls\u00e1n\u00ed. A je\u0161t\u011b kdy\u017e mu sd\u011bl\u00edte, \u017ee s Adriou mls\u00e1te zdrav\u011b, nem\u016f\u017eete \u010dekat nic jin\u00e9ho ne\u017e velkou pusu a pochvalu k tomu.                                                                                                                                                                                                                                                                                                                                                                                                "},{"@context":"https:\/\/schema.org\/","@type":"BreadcrumbList","itemListElement":[{"@type":"ListItem","position":1,"name":"Jsme na \u0161pici kvality","item":"https:\/\/www.ociz.cz\/jsme-na-spici-kvality\/#breadcrumbitem"}]}]