[{"@context":"https:\/\/schema.org\/","@type":"Article","@id":"https:\/\/www.ociz.cz\/kdy-je-cas-dat-dite-do-skolky\/#Article","mainEntityOfPage":"https:\/\/www.ociz.cz\/kdy-je-cas-dat-dite-do-skolky\/","headline":"Kdy je \u010das, d\u00e1t d\u00edt\u011b do \u0161kolky?","name":"Kdy je \u010das, d\u00e1t d\u00edt\u011b do \u0161kolky?","description":"Je mo\u017en\u00e9, \u017ee va\u0161e d\u00edt\u011b u\u017e dosp\u011blo do v\u011bku, kdy byste ho cht\u011bli d\u00e1t do \u0161kolky. Z va\u0161eho pohledu na \u0161kolku b\u00fdt mo\u017en\u00e1 p\u0159ipraven\u00e9 m\u016f\u017ee, ov\u0161em neukvapujte se nad touto mo\u017enost\u00ed moc brzy. A u\u017e v\u016fbec ne, pokud v\u00e1s \u010das netla\u010d\u00ed! M\u00edsto jesli\u010dek p\u0159ibyli soukrom\u00e9 \u0161kolky Jesli\u010dky byli m\u00edsto, kam se d\u00e1vali mal\u00e9 d\u011bti, kter\u00e9...<p class=\"more-link-wrap\"><a href=\"https:\/\/www.ociz.cz\/kdy-je-cas-dat-dite-do-skolky\/\" class=\"more-link\">P\u0159e\u010d\u00edst<span class=\"screen-reader-text\"> &ldquo;Kdy je \u010das, d\u00e1t d\u00edt\u011b do \u0161kolky?&rdquo;<\/span> &raquo;<\/a><\/p>","datePublished":"2023-06-09","dateModified":"2023-06-09","author":{"@type":"Person","@id":"https:\/\/www.ociz.cz\/author\/#Person","name":"","url":"https:\/\/www.ociz.cz\/author\/","identifier":1,"image":{"@type":"ImageObject","@id":"https:\/\/secure.gravatar.com\/avatar\/16435f0a6c9262449b9ebb39f63178cd65c54b09f931b6f84682f48086e3d763?s=96&d=mm&r=g","url":"https:\/\/secure.gravatar.com\/avatar\/16435f0a6c9262449b9ebb39f63178cd65c54b09f931b6f84682f48086e3d763?s=96&d=mm&r=g","height":96,"width":96}},"publisher":{"@type":"Organization","name":"ociz.cz","logo":{"@type":"ImageObject","@id":"\/logo.png","url":"\/logo.png","width":600,"height":60}},"image":{"@type":"ImageObject","@id":"https:\/\/www.ociz.cz\/wp-content\/uploads\/img_a307302_w2397_t1518634585.jpg","url":"https:\/\/www.ociz.cz\/wp-content\/uploads\/img_a307302_w2397_t1518634585.jpg","height":0,"width":0},"url":"https:\/\/www.ociz.cz\/kdy-je-cas-dat-dite-do-skolky\/","wordCount":602,"articleBody":"Je mo\u017en\u00e9, \u017ee va\u0161e d\u00edt\u011b u\u017e dosp\u011blo do v\u011bku, kdy byste ho cht\u011bli d\u00e1t do \u0161kolky. Z va\u0161eho pohledu na \u0161kolku b\u00fdt mo\u017en\u00e1 p\u0159ipraven\u00e9 m\u016f\u017ee, ov\u0161em neukvapujte se nad touto mo\u017enost\u00ed moc brzy. A u\u017e v\u016fbec ne, pokud v\u00e1s \u010das netla\u010d\u00ed!\tM\u00edsto jesli\u010dek p\u0159ibyli soukrom\u00e9 \u0161kolkyJesli\u010dky byli m\u00edsto, kam se d\u00e1vali mal\u00e9 d\u011bti, kter\u00e9 je\u0161t\u011b byli batoletem. Existovali z nutnosti odlo\u017eit d\u00edt\u011b do v\u00fdchovn\u00e9ho za\u0159\u00edzen\u00ed kv\u016fli brzk\u00e9mu n\u00e1vratu do pr\u00e1ce. A byli opravdu velice obl\u00edben\u00e9. Ale je tomu u\u017e d\u00e1vno, co byli na vrchole popularity. Dnes je v\u0161emu jinak a v pop\u0159ed\u00ed jsou soukrom\u00e9 \u0161kolky, kter\u00e9 v\u00e1m vezmou do p\u00e9\u010de i opravdu mal\u00e9 d\u011bti, pochopiteln\u011b za v\u00edce pen\u011bz, ne\u017e \u0161etrn\u00e1 matka na mate\u0159sk\u00e9 dovolen\u00e9, m\u016f\u017ee v\u016fbec utratit. V takov\u00e9m p\u0159\u00edpad\u011b je mo\u017enost zvolit si soukromou \u0161kolku odk\u00e1zan\u00e1 na v\u00fdd\u011blku man\u017eela, kter\u00fd v\u011bt\u0161\u00ed \u010d\u00e1st pen\u011bz zainvestuje do tohoto luxusu. Co v\u00e1m soukrom\u00e1 \u0161kolka p\u0159inese?\u00b7\u00a0\u00a0\u00a0\u00a0\u00a0\u00a0\u00a0 N\u011bkolik hodin bez d\u00edt\u011bte (pro pot\u0159ebu soukrom\u00fdch aktivit a \u00fa\u010del\u016f)\u00b7\u00a0\u00a0\u00a0\u00a0\u00a0\u00a0\u00a0 Sezn\u00e1men\u00ed se va\u0161eho d\u00edt\u011bte s kolektivem d\u011bt\u00ed\u00b7\u00a0\u00a0\u00a0\u00a0\u00a0\u00a0\u00a0 Kvalitn\u00ed program, kter\u00fd by m\u011bl b\u00fdt nejen z\u00e1bavn\u00fd, ale p\u0159edev\u0161\u00edm nau\u010dn\u00fd\u00b7\u00a0\u00a0\u00a0\u00a0\u00a0\u00a0\u00a0 \u0160krty ve va\u0161em rozpo\u010dtu\u00b7\u00a0\u00a0\u00a0\u00a0\u00a0\u00a0 Nev\u011bdomost d\u00edt\u011bte, \u017ee v ni n\u011bkdy bylo\tSt\u00e1tn\u00ed \u0161kolkyZpravidla plat\u00ed, \u017ee um\u00edstit d\u00edt\u011b do \u0161kolky mus\u00edte do dovr\u0161en\u00ed p\u0159ed\u0161koln\u00edho roku d\u00edt\u011bte, aby posledn\u00ed rok p\u0159ed n\u00e1stupem do prvn\u00ed t\u0159\u00eddy, absolvovalo takzvanou p\u0159edp\u0159\u00edpravu. Volba, kdy je vhodn\u00e9, aby va\u0161e d\u00edt\u011b za\u010dalo \u0161kolku nav\u0161t\u011bvovat je tedy do 5.roku d\u00edt\u011bte jen na v\u00e1s. Z\u00e1le\u017e\u00ed na mnoha okolnostech, pokud m\u00e1 va\u0161e d\u00edt\u011b 3 roky, je prvn\u00ed \u010das p\u0159em\u00fd\u0161let nad t\u00edm, jestli ho zap\u00ed\u0161ete k n\u00e1stupu.Z nutnosti vr\u00e1cen\u00ed se do pr\u00e1cePokud v\u00e1m kon\u010d\u00ed rodi\u010dovsk\u00e1 dovolen\u00e1, nem\u00e1te jinou mo\u017enost a ani \u010das zab\u00fdvat se t\u00edm, jestli va\u0161e d\u00edt\u011b \u0161kolku absolvovat m\u016f\u017ee, nebo ne, ov\u0161em doba je takov\u00e1, \u017ee pokud pracovn\u00edci \u0161kolky ohodnot\u00ed va\u0161e d\u00edt\u011b na \u0161kolku nezp\u016fsobil\u00e9, nem\u00e1te na v\u00fdb\u011br a mus\u00edte j\u00edt k z\u00e1pisu dal\u0161\u00ed rok. Nebo po\u010dkat na to, jestli se v\u00e1m n\u011bjak\u00e9 m\u00edsto n\u00e1hodou neuvoln\u00ed.P\u0159\u00edchod nov\u00e9ho sourozenceS p\u0159\u00edchodem dal\u0161\u00edho \u010dlena rodiny nast\u00e1v\u00e1 i situace takzvan\u00e9ho vyst\u0159\u00edd\u00e1n\u00ed d\u011bt\u00ed. Alespo\u0148 to tak z drtiv\u00e9 v\u011bt\u0161iny b\u00fdv\u00e1. Star\u0161\u00ed sourozenec se odlo\u017e\u00ed do \u0161kolky, aby m\u011bl rodi\u010d doma na starosti jen jedno d\u00edt\u011b a samoz\u0159ejm\u011b to mlad\u0161\u00ed. N\u011bkdy v\u00e1m ale p\u0159\u00edchod sourozence usnadn\u00ed v\u0161echny dosavadn\u00ed povinnosti a hl\u00edd\u00e1n\u00ed, kter\u00e9 jste absolvovali s t\u00edm prvn\u00edm. D\u011bti se zabav\u00ed, vyhraj\u00ed si, navz\u00e1jem se od sebe nau\u010d\u00ed a vybuduj\u00ed si d\u016fle\u017eit\u00fd po\u010d\u00e1te\u010dn\u00ed vztah jako sourozenci. To jim m\u016f\u017ee b\u00fdt do budoucna jen p\u0159\u00ednosem a fakt, \u017ee rozhodnut\u00ed ponechat si star\u0161\u00ed d\u00edt\u011b doma mu d\u00e1 najevo, \u017ee se ho nechcete zbavit a podstatn\u011b mu t\u00edm prodlou\u017e\u00edte d\u011btstv\u00ed a p\u0159\u00edtomnost s v\u00e1mi, kterou u\u017e v\u011bkem tolik vyhled\u00e1vat nebude.                                                                                                                                                                                                                                                                                                                                                                                                "},{"@context":"https:\/\/schema.org\/","@type":"BreadcrumbList","itemListElement":[{"@type":"ListItem","position":1,"name":"Kdy je \u010das, d\u00e1t d\u00edt\u011b do \u0161kolky?","item":"https:\/\/www.ociz.cz\/kdy-je-cas-dat-dite-do-skolky\/#breadcrumbitem"}]}]