[{"@context":"https:\/\/schema.org\/","@type":"Article","@id":"https:\/\/www.ociz.cz\/letni-chvile-u-bazenu\/#Article","mainEntityOfPage":"https:\/\/www.ociz.cz\/letni-chvile-u-bazenu\/","headline":"Letn\u00ed chv\u00edle u baz\u00e9nu","name":"Letn\u00ed chv\u00edle u baz\u00e9nu","description":"N\u00e1hodou zn\u00e1m p\u00e1r lid\u00ed, kte\u0159\u00ed maj\u00ed bou\u0159ku r\u00e1di a kdy\u017e pr\u0161\u00ed, jsou v sedm\u00e9m nebi. Bohu\u017eel tohle \u017eivot na jihu Moravy zrovna tak moc nep\u0159in\u00e1\u0161\u00ed. Kdy\u017e pr\u0161\u00ed v\u0161ude v okol\u00ed tady u n\u00e1s ani kapka. Pr\u00e1v\u011b tyto chv\u00edle jsou velmi vhodn\u00e9 \u201eusala\u0161it\u201c se u baz\u00e9nu na cel\u00fd den, pokud je ov\u0161em volno. Ani toho moc...<p class=\"more-link-wrap\"><a href=\"https:\/\/www.ociz.cz\/letni-chvile-u-bazenu\/\" class=\"more-link\">P\u0159e\u010d\u00edst<span class=\"screen-reader-text\"> &ldquo;Letn\u00ed chv\u00edle u baz\u00e9nu&rdquo;<\/span> &raquo;<\/a><\/p>","datePublished":"2025-12-02","dateModified":"2025-12-02","author":{"@type":"Person","@id":"https:\/\/www.ociz.cz\/author\/#Person","name":"","url":"https:\/\/www.ociz.cz\/author\/","identifier":1,"image":{"@type":"ImageObject","@id":"https:\/\/secure.gravatar.com\/avatar\/16435f0a6c9262449b9ebb39f63178cd65c54b09f931b6f84682f48086e3d763?s=96&d=mm&r=g","url":"https:\/\/secure.gravatar.com\/avatar\/16435f0a6c9262449b9ebb39f63178cd65c54b09f931b6f84682f48086e3d763?s=96&d=mm&r=g","height":96,"width":96}},"publisher":{"@type":"Organization","name":"ociz.cz","logo":{"@type":"ImageObject","@id":"\/logo.png","url":"\/logo.png","width":600,"height":60}},"image":{"@type":"ImageObject","@id":"https:\/\/www.ociz.cz\/wp-content\/uploads\/swimming-pool-2531950_640_5.jpg","url":"https:\/\/www.ociz.cz\/wp-content\/uploads\/swimming-pool-2531950_640_5.jpg","height":0,"width":0},"url":"https:\/\/www.ociz.cz\/letni-chvile-u-bazenu\/","about":["N\u00e1kupy"],"wordCount":435,"articleBody":"   N\u00e1hodou zn\u00e1m p\u00e1r lid\u00ed, kte\u0159\u00ed maj\u00ed bou\u0159ku r\u00e1di a kdy\u017e pr\u0161\u00ed, jsou v sedm\u00e9m nebi. Bohu\u017eel tohle \u017eivot na jihu Moravy zrovna tak moc nep\u0159in\u00e1\u0161\u00ed. Kdy\u017e pr\u0161\u00ed v\u0161ude v okol\u00ed tady u n\u00e1s ani kapka. Pr\u00e1v\u011b tyto chv\u00edle jsou velmi vhodn\u00e9 \u201eusala\u0161it\u201c se u baz\u00e9nu na cel\u00fd den, pokud je ov\u0161em volno. Ani toho moc v \u017eivot\u011b neb\u00fdv\u00e1. Co\u017e je \u0161koda. N\u011bkdy to vypad\u00e1, \u017ee je \u010dlov\u011bk uzp\u016fsoben pouze k pr\u00e1ci. A na odpo\u010dinek nem\u00e1 \u010das. Ale ono se asi v\u017edy n\u011bjak\u00fd ten den, nebo alespo\u0148 p\u00e1r hodin najde. Mus\u00ed se to prost\u011b n\u011bjak ud\u011blat. A str\u00e1vit den s rodinou u vody. Nemus\u00edte nikam jezdit, nemus\u00edte vlastn\u011b d\u011blat nic. V tomto p\u0159\u00edpad\u011b se \u017e\u00e1dn\u00e9 slo\u017eit\u00e9 p\u0159\u00edpravy na cestu a celodenn\u00ed pobyt n\u011bkde u jezera \u010di p\u0159ehradn\u00ed n\u00e1dr\u017ee nekonaj\u00ed. Prost\u011b se vezme deka jde se ven. Pokud je n\u011bco dal\u0161\u00edho pot\u0159eba, zask\u00e1kne se pro to do domu. No nen\u00ed to bezva? A pak u\u017e se jen le\u017e\u00ed a vyv\u00e1d\u00ed skopi\u010diny ve va\u0161\u00ed mo\u0159sk\u00e9 vod\u011b, proto\u017ee ji jist\u011b m\u00e1te slanou, jak je dnes tak\u0159ka ji\u017e povinnost\u00ed. Proto\u017ee ka\u017ed\u00fd u\u017e v\u00ed, \u017ee \u010dist\u011b voda s chlorem a dal\u0161\u00edmi p\u0159\u00edsadami, kter\u00e9 n\u00e1m vodu udr\u017euj\u00ed v norm\u011b sice vysloven\u011b ne\u0161kod\u00ed, ale \u017ee ta slan\u00e1 je je\u0161t\u011b lep\u0161\u00ed. D\u00e1 se dokonce sm\u011ble \u0159\u00edci, \u017ee prosp\u00edv\u00e1 zdrav\u00ed, tedy poko\u017ece docela ur\u010dit\u011b. Ka\u017ed\u00fd dermatolog v\u00e1m to jist\u011b r\u00e1d potvrd\u00ed, \u017ee pobyt u mo\u0159e a koup\u00e1n\u00ed ve slan\u00e9 vod\u011b je na lidskou poko\u017eku ta nejlep\u0161\u00ed \u010dist\u011b p\u0159\u00edrodn\u00ed v\u011bc na sv\u011bt\u011b. Pr\u00e1v\u011b proto se s\u016fl do baz\u00e9nu p\u0159id\u00e1v\u00e1, a tak se \u0161et\u0159\u00ed na\u0161e poko\u017eka a cel\u00e9 na\u0161\u00ed rodiny. A nen\u00ed to ov\u0161em jenom o tom, \u017ee je to prosp\u011b\u0161n\u00e9 poko\u017ece. Dal\u0161\u00ed velk\u00e9 plus je nap\u0159\u00edklad v tom, \u017ee si sta\u010d\u00ed po\u0159\u00eddit solin\u00e1tor a m\u016f\u017eete si vyr\u00e1b\u011bt vlastn\u00ed chlor, kter\u00fd je samoz\u0159ejm\u011b o mnoho lep\u0161\u00ed ne\u017e ten, co si kupujete. Tento je plynn\u00fd a \u0159\u00edk\u00e1 se mu dezinfek\u010dn\u00ed, snad nen\u00ed t\u0159eba vysv\u011btlovat pro\u010d. Nev\u00e1hejte se solen\u00edm vody v baz\u00e9nu ani okam\u017eik. Pro jistotu si mo\u0159skou nebo jinou st\u016fl objednejte kliknut\u00edm na odkaz o n\u011bco v\u00fd\u0161e v tomto \u010dl\u00e1nku.                                                                                                                                                                                                                                                                                                                                                                                                   "},{"@context":"https:\/\/schema.org\/","@type":"BreadcrumbList","itemListElement":[{"@type":"ListItem","position":1,"name":"Letn\u00ed chv\u00edle u baz\u00e9nu","item":"https:\/\/www.ociz.cz\/letni-chvile-u-bazenu\/#breadcrumbitem"}]}]