[{"@context":"https:\/\/schema.org\/","@type":"Article","@id":"https:\/\/www.ociz.cz\/reklamni-blok-by-se-mohl-stat-vhodnym-darkem-napriklad-pro-firemni-skoleni\/#Article","mainEntityOfPage":"https:\/\/www.ociz.cz\/reklamni-blok-by-se-mohl-stat-vhodnym-darkem-napriklad-pro-firemni-skoleni\/","headline":"Reklamn\u00ed blok by se mohl st\u00e1t vhodn\u00fdm d\u00e1rkem nap\u0159\u00edklad pro firemn\u00ed \u0161kolen\u00ed","name":"Reklamn\u00ed blok by se mohl st\u00e1t vhodn\u00fdm d\u00e1rkem nap\u0159\u00edklad pro firemn\u00ed \u0161kolen\u00ed","description":"P\u0159ed n\u011bkolika lety jsem si po\u0159\u00eddil sv\u016fj prvn\u00ed chytr\u00fd telefon. M\u011bl jsem z n\u011bj ohromnou radost, proto\u017ee \u0161lapal jako hodinky a stal se skute\u010dn\u00fdm pomocn\u00edkem. Poch\u00e1z\u00edm ale z tzv. \u201estar\u00e9 \u0161koly\u201c, za\u017eil jsem dobu, kdy \u017e\u00e1dn\u00e9 mobiln\u00ed telefony neexistovaly ani u n\u00e1s a ani ve sv\u011bt\u011b, a my jsme doma nem\u011bli dokonce ani pevnou telefonn\u00ed...<p class=\"more-link-wrap\"><a href=\"https:\/\/www.ociz.cz\/reklamni-blok-by-se-mohl-stat-vhodnym-darkem-napriklad-pro-firemni-skoleni\/\" class=\"more-link\">P\u0159e\u010d\u00edst<span class=\"screen-reader-text\"> &ldquo;Reklamn\u00ed blok by se mohl st\u00e1t vhodn\u00fdm d\u00e1rkem nap\u0159\u00edklad pro firemn\u00ed \u0161kolen\u00ed&rdquo;<\/span> &raquo;<\/a><\/p>","datePublished":"2025-11-07","dateModified":"2025-11-07","author":{"@type":"Person","@id":"https:\/\/www.ociz.cz\/author\/#Person","name":"","url":"https:\/\/www.ociz.cz\/author\/","identifier":1,"image":{"@type":"ImageObject","@id":"https:\/\/secure.gravatar.com\/avatar\/16435f0a6c9262449b9ebb39f63178cd65c54b09f931b6f84682f48086e3d763?s=96&d=mm&r=g","url":"https:\/\/secure.gravatar.com\/avatar\/16435f0a6c9262449b9ebb39f63178cd65c54b09f931b6f84682f48086e3d763?s=96&d=mm&r=g","height":96,"width":96}},"publisher":{"@type":"Organization","name":"ociz.cz","logo":{"@type":"ImageObject","@id":"\/logo.png","url":"\/logo.png","width":600,"height":60}},"image":{"@type":"ImageObject","@id":"https:\/\/www.ociz.cz\/wp-content\/uploads\/coffee-1128140_640_2.jpg","url":"https:\/\/www.ociz.cz\/wp-content\/uploads\/coffee-1128140_640_2.jpg","height":0,"width":0},"url":"https:\/\/www.ociz.cz\/reklamni-blok-by-se-mohl-stat-vhodnym-darkem-napriklad-pro-firemni-skoleni\/","about":["N\u00e1kupy"],"wordCount":433,"articleBody":"      P\u0159ed n\u011bkolika lety jsem si po\u0159\u00eddil sv\u016fj prvn\u00ed chytr\u00fd telefon. M\u011bl jsem z n\u011bj ohromnou radost, proto\u017ee \u0161lapal jako hodinky a stal se skute\u010dn\u00fdm pomocn\u00edkem. Poch\u00e1z\u00edm ale z tzv. \u201estar\u00e9 \u0161koly\u201c, za\u017eil jsem dobu, kdy \u017e\u00e1dn\u00e9 mobiln\u00ed telefony neexistovaly ani u n\u00e1s a ani ve sv\u011bt\u011b, a my jsme doma nem\u011bli dokonce ani pevnou telefonn\u00ed linku, a tak jsem byl mnoho let zvykl\u00fd na docela oby\u010dejn\u00fd pap\u00edrov\u00fd z\u00e1pisn\u00edk. Byl zhotoven v mal\u00e9m form\u00e1tu, p\u0159ibli\u017en\u011b A6 a zapisoval jsem si do n\u011bj r\u016fzn\u00e9 post\u0159ehy, n\u00e1pady a \u00fakoly, co je zapot\u0159eb\u00ed prov\u00e1d\u011bt v are\u00e1lu rodinn\u00e9ho domu. Kdy\u017e jsem se spole\u010dn\u011b s mobiln\u00edm telefonem a se z\u00e1pisn\u00edkem p\u0159est\u011bhoval do m\u011bstsk\u00e9ho bytu, z\u00e1pisn\u00edk i mobil mi d\u011blaly spole\u010dnost, ale jednoho dne jsem upustil mobil na zem. Upadl sice jen na koberec z mal\u00e9 v\u00fd\u0161ky, ale tak ne\u0161\u0165astn\u011b, \u017ee p\u0159estala zcela fungovat prav\u00e1 polovina dotykov\u00e9ho displeje. V tu r\u00e1nu byl mobil tak\u0159ka k ni\u010demu a nem\u011bl jsem p\u0159\u00edstup do v\u011bt\u0161iny program\u016f, proto\u017ee mi to lev\u00e1 polovina displeje neumo\u017enila. Pap\u00edrov\u00fd z\u00e1pisn\u00edk mi na zem tak\u00e9 ob\u010das upadl, ale ten sta\u010dilo vz\u00edt do ruky a za\u010d\u00edt jej pou\u017e\u00edvat, jako by se nic nep\u0159ihodilo. T\u00edmto v\u00e1m chci jen nazna\u010dit, \u017ee spol\u00e9hat se na mobil za v\u0161ech okolnost\u00ed na sto procent se nevypl\u00e1c\u00ed.Mnohem v\u011bt\u0161\u00ed spolehnut\u00ed je na z\u00e1znam dat v pap\u00edrov\u00e9m bloku. Vyplat\u00ed se jej m\u00edt spolu s propiskou u sebe v cestovn\u00edm zavazadle a kdy\u017e si pot\u0159ebujete n\u011bco d\u016fle\u017eit\u00e9ho poznamenat, nem\u011bl by to b\u00fdt \u017e\u00e1dn\u00fd probl\u00e9m. Pap\u00edrov\u00fd reklamn\u00ed blok lze opat\u0159it potiskem a vyu\u017e\u00edt jej jako jeden z origin\u00e1ln\u00edch reklamn\u00edch p\u0159edm\u011bt\u016f z\u00e1kazn\u00edk\u016fm v e-shopech nebo t\u0159eba na \u0161kolen\u00edch zam\u011bstnanc\u016f firem. N\u011bkolik \u0161kolen\u00ed jsem jako zam\u011bstnanec velk\u00e9 firmy za\u017eil a na n\u011bkter\u00fdch jsme dokonce obdr\u017eeli kr\u00e1sn\u00e9 reklamn\u00ed d\u00e1rky. Pap\u00edrov\u00fd z\u00e1pisn\u00edk by spolu s propiskou nebo sadou pastelek mohl b\u00fdt tak\u00e9 p\u011bknou drobnost\u00ed, co pot\u011b\u0161\u00ed mysl u\u017e jen t\u00edm, \u017ee n\u011bkomu na v\u00e1s z\u00e1le\u017e\u00ed a nejste pro n\u011bj jen p\u0159edm\u011btem zisku.                                                                                                                                                                                                                                                                                                                                                                                                  "},{"@context":"https:\/\/schema.org\/","@type":"BreadcrumbList","itemListElement":[{"@type":"ListItem","position":1,"name":"Reklamn\u00ed blok by se mohl st\u00e1t vhodn\u00fdm d\u00e1rkem nap\u0159\u00edklad pro firemn\u00ed \u0161kolen\u00ed","item":"https:\/\/www.ociz.cz\/reklamni-blok-by-se-mohl-stat-vhodnym-darkem-napriklad-pro-firemni-skoleni\/#breadcrumbitem"}]}]